{"id":28568,"date":"2025-08-27T10:15:55","date_gmt":"2025-08-27T09:15:55","guid":{"rendered":"https:\/\/wegreenitgroup.com\/?p=28568"},"modified":"2026-03-18T10:21:19","modified_gmt":"2026-03-18T09:21:19","slug":"wegreenit-lance-le-plus-grand-chantier-de-renovation-energetique-actuellement-en-cours-a-milan-2","status":"publish","type":"post","link":"https:\/\/wegreenitgroup.com\/fr\/wegreenit-lance-le-plus-grand-chantier-de-renovation-energetique-actuellement-en-cours-a-milan-2\/","title":{"rendered":"WEGREENIT LANCE LE PLUS GRAND CHANTIER DE R\u00c9NOVATION \u00c9NERG\u00c9TIQUE ACTUELLEMENT EN COURS \u00c0 MILAN"},"content":{"rendered":"\n<p><strong>Au<\/strong> <strong>21-29 via Rimini<\/strong>, <strong>au c\u0153ur du quartier<\/strong> <strong>Barona-Famagosta<\/strong>, <strong>le chantier de r\u00e9novation \u00e9nerg\u00e9tique du complexe r\u00e9sidentiel \u00abLa Spezia\u00bb est d\u00e9j\u00e0 en cours:<\/strong> <strong>547 unit\u00e9s d\u2019habitation<\/strong> <strong>sont concern\u00e9es par des interventions capables de r\u00e9duire la consommation \u00e9nerg\u00e9tique<\/strong> <strong>jusqu\u2019\u00e0 65%<\/strong>.<\/p>\n\n\n\n<p><strong>Wegreenit<\/strong>, entreprise g\u00e9n\u00e9rale sp\u00e9cialis\u00e9e dans l\u2019am\u00e9lioration de l\u2019efficacit\u00e9 \u00e9nerg\u00e9tique des b\u00e2timents existants (\u00ab<strong>retrofitting<\/strong>\u00bb), annonce le lancement des travaux de r\u00e9novation <strong>du complexe r\u00e9sidentiel \u00abLa Spezia\u00bb<\/strong> situ\u00e9 <strong>21-29 via Rimini<\/strong>, dans le quartier <strong>Barona-Famagosta<\/strong> : il s\u2019agit du <strong>plus grand super-condominium public-priv\u00e9 de Milan<\/strong>, compos\u00e9 de <strong>11 b\u00e2timents et 547 unit\u00e9s immobili\u00e8res<\/strong>, dont <strong>39% appartiennent \u00e0 la Ville de Milan<\/strong> et sont g\u00e9r\u00e9s en <strong>in house providing par MM S.p.A.<\/strong>, pour un montant total des travaux de <strong>22,5 millions d\u2019euros<\/strong>.<\/p>\n\n\n\n<p>Le chantier, lanc\u00e9 dans le but de <strong>r\u00e9nover de mani\u00e8re significative le patrimoine immobilier existant<\/strong>, vise \u00e0 <strong>am\u00e9liorer la performance \u00e9nerg\u00e9tique des b\u00e2timents<\/strong> gr\u00e2ce \u00e0 <strong>l\u2019augmentation du rendement des syst\u00e8mes techniques, la r\u00e9duction des pertes thermiques de l\u2019enveloppe du b\u00e2timentet<\/strong> <strong>l\u2019augmentation de la production d\u2019\u00e9nergie provenant de sources renouvelables<\/strong>.<br>Tout cela garantira une <strong>r\u00e9duction globale de la consommation d\u2019\u00e9nergie primaire de l\u2019ensemble du complexe d\u2019environ 65 %<\/strong>, ainsi qu\u2019une <strong>augmentation significative de la production d\u2019\u00e9nergie renouvelable, \u00e9lectrique et thermique.<\/strong><\/p>\n\n\n\n<p>En particulier, le projet pr\u00e9voit <strong>l\u2019am\u00e9lioration \u00e9nerg\u00e9tique compl\u00e8te des b\u00e2timents<\/strong> \u00e0 travers :<\/p>\n\n\n\n<p>\u2022 <strong>l\u2019isolation de l\u2019enveloppe thermique<\/strong> sur une surface de <strong>30.000 m\u00b2<\/strong><br>\u2022 <strong>la r\u00e9novation de la centrale thermique de 6.000 kW<\/strong> et des anneaux du r\u00e9seau de <strong>chauffage urbain (t\u00e9l\u00e9r\u00e9seau)<\/strong> desservant le complexe<br>\u2022 <strong>la centralisation du syst\u00e8me de production d\u2019Eau Chaude Sanitaire (ECS)<\/strong> pour chaque b\u00e2timent, associ\u00e9e \u00e0 une <strong>int\u00e9gration avec des capteurs solaires thermiques<\/strong><br>\u2022 <strong>l\u2019installation de onze syst\u00e8mes photovolta\u00efques<\/strong> <strong>avec une puissance nominale totale de<\/strong> <strong>110 kWp<\/strong><br>\u2022 <strong>le remplacement des menuiseries<\/strong><\/p>\n\n\n\n<p>Les interventions pr\u00e9vues, en particulier <strong>l\u2019isolation par l\u2019ext\u00e9rieur (syst\u00e8me d\u2019isolation thermique)<\/strong> et <strong>la r\u00e9novation de l\u2019installation thermique<\/strong>, permettront d\u2019am\u00e9liorer la performance des b\u00e2timents au point de <strong>r\u00e9duire l\u2019Indice de Performance \u00c9nerg\u00e9tique Global \u00e0 un quart (65 kWh\/m\u00b2\/an)<\/strong> par rapport \u00e0 l\u2019\u00e9tat avant travaux, faisant passer les b\u00e2timents de la <strong>classe \u00e9nerg\u00e9tique G \u00e0 la classe \u00e9nerg\u00e9tique C<\/strong>.<\/p>\n\n\n\n<p>L\u2019intervention permettra \u00e9galement <strong>d\u2019am\u00e9liorer l\u2019accessibilit\u00e9 globale des b\u00e2timents<\/strong> gr\u00e2ce \u00e0 <strong>la suppression des barri\u00e8res architecturales pr\u00e9sentes dans le complexe<\/strong><strong>.<\/strong><\/p>\n\n\n\n<p><strong>\u00abL\u2019intervention garantira aux copropri\u00e9taires une \u00e9conomie r\u00e9elle sur le co\u00fbt de l\u2019\u00e9nergie, avec environ 65 % de r\u00e9duction sur la facture\u00bb<\/strong>, d\u00e9clare <strong>Fabrizio Candoni, CEO de Wegreenit, \u00abet leur donnera la possibilit\u00e9 d\u2019apporter une contribution concr\u00e8te au processus de transition \u00e9nerg\u00e9tique et de durabilit\u00e9 environnementale et sociale<\/strong>, gr\u00e2ce \u00e0 <strong>la r\u00e9duction des \u00e9missions de gaz \u00e0 effet de serre d\u2019environ 800 tonnes de CO\u2082 par an<\/strong>, tout en contribuant <strong>\u00e0 la r\u00e9habilitation d\u2019une portion d\u2019espace urbain d\u2019une surface totale d\u2019environ 5000 m\u00b2<\/strong>\u00bb.<\/p>\n\n\n\n<p><strong>Lisez les articles complets ici!<\/strong><\/p>\n\n\n\n<ul class=\"wp-block-list\">\n<li><a href=\"https:\/\/www.milanofinanza.it\/news\/milano-wegreenit-avvia-la-riqualificazione-del-quartiere-pubblico-privato-nel-cuore-di-barona-e-famagosta-202509041252119007\" target=\"_blank\" rel=\"noreferrer noopener\">https:\/\/www.milanofinanza.it\/news\/milano-wegreenit-avvia-la-riqualificazione-del-quartiere-pubblico-privato-nel-cuore-di-barona-e-famagosta-202509041252119007<\/a><\/li>\n\n\n\n<li><a href=\"https:\/\/www.ilgiorno.it\/milano\/cronaca\/il-supercondominio-la-spezia-e-55b96c87\" target=\"_blank\" rel=\"noreferrer noopener\">https:\/\/www.ilgiorno.it\/milano\/cronaca\/il-supercondominio-la-spezia-e-55b96c87<\/a><\/li>\n\n\n\n<li><a href=\"https:\/\/realestate.pambianconews.com\/2025\/09\/04\/walgreenit-riqualifica-il-piu-grande-condominio-pubblico-privato-di-milano\/\" target=\"_blank\" rel=\"noreferrer noopener\">https:\/\/realestate.pambianconews.com\/2025\/09\/04\/walgreenit-riqualifica-il-piu-grande-condominio-pubblico-privato-di-milano\/<\/a><\/li>\n\n\n\n<li><a href=\"https:\/\/www.ilqi.it\/post\/quotidiano-immobiliare\/458133-wegreenit-avvia-il-pi-grande-cantiere-di-riqualificazione-energetica-attualmente-in-corso-a-milan\" target=\"_blank\" rel=\"noreferrer noopener\">https:\/\/www.ilqi.it\/post\/quotidiano-immobiliare\/458133-wegreenit-avvia-il-pi-grande-cantiere-di-riqualificazione-energetica-attualmente-in-corso-a-milan<\/a><\/li>\n<\/ul>\n","protected":false},"excerpt":{"rendered":"<p>Au 21-29 via Rimini, au c\u0153ur du quartier Barona-Famagosta, le chantier de r\u00e9novation \u00e9nerg\u00e9tique du complexe r\u00e9sidentiel \u00abLa Spezia\u00bb est d\u00e9j\u00e0 en cours: 547 unit\u00e9s d\u2019habitation sont concern\u00e9es par des interventions capables de r\u00e9duire la consommation \u00e9nerg\u00e9tique jusqu\u2019\u00e0 65%. Wegreenit, entreprise g\u00e9n\u00e9rale sp\u00e9cialis\u00e9e dans l\u2019am\u00e9lioration de l\u2019efficacit\u00e9 \u00e9nerg\u00e9tique des b\u00e2timents existants (\u00abretrofitting\u00bb), annonce le lancement [&hellip;]<\/p>\n","protected":false},"author":2,"featured_media":27736,"comment_status":"closed","ping_status":"closed","sticky":false,"template":"","format":"standard","meta":{"_acf_changed":false,"footnotes":""},"categories":[262],"tags":[296,293],"data-news":[297],"class_list":["post-28568","post","type-post","status-publish","format-standard","has-post-thumbnail","hentry","category-non-classifiee","tag-non-categorizzato-fr-3","tag-non-categorizzato","data-news-decembre-2024"],"acf":[],"_links":{"self":[{"href":"https:\/\/wegreenitgroup.com\/fr\/wp-json\/wp\/v2\/posts\/28568","targetHints":{"allow":["GET"]}}],"collection":[{"href":"https:\/\/wegreenitgroup.com\/fr\/wp-json\/wp\/v2\/posts"}],"about":[{"href":"https:\/\/wegreenitgroup.com\/fr\/wp-json\/wp\/v2\/types\/post"}],"author":[{"embeddable":true,"href":"https:\/\/wegreenitgroup.com\/fr\/wp-json\/wp\/v2\/users\/2"}],"replies":[{"embeddable":true,"href":"https:\/\/wegreenitgroup.com\/fr\/wp-json\/wp\/v2\/comments?post=28568"}],"version-history":[{"count":1,"href":"https:\/\/wegreenitgroup.com\/fr\/wp-json\/wp\/v2\/posts\/28568\/revisions"}],"predecessor-version":[{"id":28569,"href":"https:\/\/wegreenitgroup.com\/fr\/wp-json\/wp\/v2\/posts\/28568\/revisions\/28569"}],"wp:featuredmedia":[{"embeddable":true,"href":"https:\/\/wegreenitgroup.com\/fr\/wp-json\/wp\/v2\/media\/27736"}],"wp:attachment":[{"href":"https:\/\/wegreenitgroup.com\/fr\/wp-json\/wp\/v2\/media?parent=28568"}],"wp:term":[{"taxonomy":"category","embeddable":true,"href":"https:\/\/wegreenitgroup.com\/fr\/wp-json\/wp\/v2\/categories?post=28568"},{"taxonomy":"post_tag","embeddable":true,"href":"https:\/\/wegreenitgroup.com\/fr\/wp-json\/wp\/v2\/tags?post=28568"},{"taxonomy":"data-news","embeddable":true,"href":"https:\/\/wegreenitgroup.com\/fr\/wp-json\/wp\/v2\/data-news?post=28568"}],"curies":[{"name":"wp","href":"https:\/\/api.w.org\/{rel}","templated":true}]}}