{"id":26224,"date":"2024-10-04T14:20:34","date_gmt":"2024-10-04T12:20:34","guid":{"rendered":"https:\/\/wegreenitgroup.com\/wegreenit-espansione-europa\/"},"modified":"2025-05-07T13:40:49","modified_gmt":"2025-05-07T12:40:49","slug":"wegreenit-espansione-europa","status":"publish","type":"post","link":"https:\/\/wegreenitgroup.com\/fr\/wegreenit-espansione-europa\/","title":{"rendered":"Wegreenit, l&rsquo;efficacit\u00e9 \u00e9nerg\u00e9tique made in Italy de plus en plus populaire \u00e0 l&rsquo;\u00e9tranger"},"content":{"rendered":"<p><strong>Ils parlent de nous<\/strong><\/p>\n<p>Wegreenit International \u00e9tend ses activit\u00e9s op\u00e9rationnelles en Europe. Le premier pays concern\u00e9 par cette expansion a \u00e9t\u00e9 l\u2019Espagne, o\u00f9 Wegreenit Espa\u00f1a est d\u00e9j\u00e0 lanc\u00e9e. Ensuite viendront le Portugal, la Pologne et la Gr\u00e8ce, en plus de Paris et Berlin.<\/p>\n<p>\u00ab \u00c0 la lumi\u00e8re de la croissance constante de l\u2019activit\u00e9 en Italie, nous avons d\u00e9cid\u00e9 que c\u2019est le bon moment pour nous ouvrir \u00e9galement \u00e0 d\u2019autres pays europ\u00e9ens. Nous sommes convaincus que les comp\u00e9tences d\u00e9velopp\u00e9es au cours de nos cinq premi\u00e8res ann\u00e9es d\u2019existence nous permettront d\u2019offrir, dans d\u2019autres contextes, notre capacit\u00e9 \u00e0 r\u00e9aliser des projets de r\u00e9novation \u00e9nerg\u00e9tique cl\u00e9s en main, de la phase de conception \u00e0 la gestion des besoins financiers, jusqu\u2019\u00e0 la livraison de l\u2019ouvrage \u00bb, sont les mots de Fabrizio Candoni, CEO de Wegreenit, rapport\u00e9s par Dealflower.<\/p>\n<p>D\u00e9couvrir plus : <a href=\"https:\/\/dealflower.it\/wegreenit-efficientamento-energetico-urania\/\" target=\"_blank\" rel=\"noopener\">https:\/\/dealflower.it\/wegreenit-efficientamento-energetico-urania\/<\/a><\/p>\n","protected":false},"excerpt":{"rendered":"<p>Ils parlent de nous Wegreenit International \u00e9tend ses activit\u00e9s op\u00e9rationnelles en Europe. Le premier pays concern\u00e9 par cette expansion a \u00e9t\u00e9 l\u2019Espagne, o\u00f9 Wegreenit Espa\u00f1a est d\u00e9j\u00e0 lanc\u00e9e. Ensuite viendront le Portugal, la Pologne et la Gr\u00e8ce, en plus de Paris et Berlin. \u00ab \u00c0 la lumi\u00e8re de la croissance constante de l\u2019activit\u00e9 en Italie, [&hellip;]<\/p>\n","protected":false},"author":1,"featured_media":26226,"comment_status":"closed","ping_status":"open","sticky":false,"template":"","format":"standard","meta":{"_acf_changed":false,"footnotes":""},"categories":[262],"tags":[293,294,295,296],"data-news":[315],"class_list":["post-26224","post","type-post","status-publish","format-standard","has-post-thumbnail","hentry","category-non-classifiee","tag-non-categorizzato","tag-non-categorizzato-fr","tag-non-categorizzato-fr-2","tag-non-categorizzato-fr-3","data-news-octobre-2024"],"acf":[],"_links":{"self":[{"href":"https:\/\/wegreenitgroup.com\/fr\/wp-json\/wp\/v2\/posts\/26224","targetHints":{"allow":["GET"]}}],"collection":[{"href":"https:\/\/wegreenitgroup.com\/fr\/wp-json\/wp\/v2\/posts"}],"about":[{"href":"https:\/\/wegreenitgroup.com\/fr\/wp-json\/wp\/v2\/types\/post"}],"author":[{"embeddable":true,"href":"https:\/\/wegreenitgroup.com\/fr\/wp-json\/wp\/v2\/users\/1"}],"replies":[{"embeddable":true,"href":"https:\/\/wegreenitgroup.com\/fr\/wp-json\/wp\/v2\/comments?post=26224"}],"version-history":[{"count":1,"href":"https:\/\/wegreenitgroup.com\/fr\/wp-json\/wp\/v2\/posts\/26224\/revisions"}],"predecessor-version":[{"id":27284,"href":"https:\/\/wegreenitgroup.com\/fr\/wp-json\/wp\/v2\/posts\/26224\/revisions\/27284"}],"wp:featuredmedia":[{"embeddable":true,"href":"https:\/\/wegreenitgroup.com\/fr\/wp-json\/wp\/v2\/media\/26226"}],"wp:attachment":[{"href":"https:\/\/wegreenitgroup.com\/fr\/wp-json\/wp\/v2\/media?parent=26224"}],"wp:term":[{"taxonomy":"category","embeddable":true,"href":"https:\/\/wegreenitgroup.com\/fr\/wp-json\/wp\/v2\/categories?post=26224"},{"taxonomy":"post_tag","embeddable":true,"href":"https:\/\/wegreenitgroup.com\/fr\/wp-json\/wp\/v2\/tags?post=26224"},{"taxonomy":"data-news","embeddable":true,"href":"https:\/\/wegreenitgroup.com\/fr\/wp-json\/wp\/v2\/data-news?post=26224"}],"curies":[{"name":"wp","href":"https:\/\/api.w.org\/{rel}","templated":true}]}}