{"id":28807,"date":"2025-05-07T08:32:55","date_gmt":"2025-05-07T07:32:55","guid":{"rendered":"https:\/\/wegreenitgroup.com\/?p=28807"},"modified":"2026-04-29T08:55:38","modified_gmt":"2026-04-29T07:55:38","slug":"fabrizio-candoni-en-economia-3-la-estrategia-europea-de-wegreenit-para-la-eficiencia-energetica","status":"publish","type":"post","link":"https:\/\/wegreenitgroup.com\/es\/fabrizio-candoni-en-economia-3-la-estrategia-europea-de-wegreenit-para-la-eficiencia-energetica\/","title":{"rendered":"FABRIZIO CANDONI EN ECONOM\u00cdA 3: \u201cLA ESTRATEGIA EUROPEA DE WEGREENIT PARA LA EFICIENCIA ENERG\u00c9TICA\u201d"},"content":{"rendered":"\n<p>En la entrevista, nuestro CEO y Presidente, Fabrizio Candoni, repasa los or\u00edgenes de Wegreenit, nacida en Italia con el objetivo de transformar el desaf\u00edo de la transici\u00f3n energ\u00e9tica en resultados medibles: reducci\u00f3n de consumos, disminuci\u00f3n de las emisiones contaminantes, valorizaci\u00f3n inmobiliaria y contenci\u00f3n de los costes energ\u00e9ticos. Hoy el Grupo est\u00e1 activo en varios pa\u00edses europeos, entre ellos Espa\u00f1a, Portugal, Francia, Alemania, Polonia y Grecia, con un modelo operativo integrado y orientado a la innovaci\u00f3n.<\/p>\n\n\n\n<p>El di\u00e1logo con Econom\u00eda3 aborda varios temas clave:<\/p>\n\n\n\n<ul class=\"wp-block-list\">\n<li>Las oportunidades ofrecidas por el mercado espa\u00f1ol, dinamizado por iniciativas como el Plan Rehabilita Madrid y por los fondos europeos Next Generation EU;<\/li>\n\n\n\n<li>La importancia del acuerdo estrat\u00e9gico firmado entre Wegreenit Espa\u00f1a y Deutsche Bank Espa\u00f1a, destinado a facilitar el acceso al cr\u00e9dito para intervenciones de rehabilitaci\u00f3n energ\u00e9tica a gran escala;<\/li>\n\n\n\n<li>El papel creciente de la normativa europea, en particular la Directiva EPBD (Energy Performance of Buildings Directive), en hacer de la eficiencia energ\u00e9tica una condici\u00f3n necesaria para la valorizaci\u00f3n del patrimonio inmobiliario;<\/li>\n\n\n\n<li>Los principales desaf\u00edos para los propietarios de inmuebles, empezando por las inversiones iniciales, y las soluciones desarrolladas por Wegreenit para superarlos gracias a un modelo \u201cllave en mano\u201d y a una estructura t\u00e9cnico-financiera altamente especializada.<\/li>\n<\/ul>\n\n\n\n<p>Con una visi\u00f3n orientada al largo plazo y un enfoque concreto, Wegreenit confirma su ambici\u00f3n de convertirse en un referente en Europa para la rehabilitaci\u00f3n energ\u00e9tica.<\/p>\n\n\n\n<p>Lee el art\u00edculo completo en espa\u00f1ol aqu\u00ed:<br><a href=\"https:\/\/economia3.com\/2025\/05\/24\/697070-fabrizio-cadoni-wegreenit-espana-avanza-con-un-enfoque-mas-planificado\" target=\"_blank\" rel=\"noopener\">https:\/\/economia3.com\/2025\/05\/24\/697070-fabrizio-cadoni-wegreenit-espana-avanza-con-un-enfoque-mas-planificado<\/a><\/p>\n\n\n\n<p><\/p>\n","protected":false},"excerpt":{"rendered":"<p>En la entrevista, nuestro CEO y Presidente, Fabrizio Candoni, repasa los or\u00edgenes de Wegreenit, nacida en Italia con el objetivo de transformar el desaf\u00edo de la transici\u00f3n energ\u00e9tica en resultados medibles: reducci\u00f3n de consumos, disminuci\u00f3n de las emisiones contaminantes, valorizaci\u00f3n inmobiliaria y contenci\u00f3n de los costes energ\u00e9ticos. Hoy el Grupo est\u00e1 activo en varios pa\u00edses [&hellip;]<\/p>\n","protected":false},"author":2,"featured_media":27724,"comment_status":"closed","ping_status":"closed","sticky":false,"template":"","format":"standard","meta":{"_acf_changed":false,"footnotes":""},"categories":[236],"tags":[237,240],"data-news":[],"class_list":["post-28807","post","type-post","status-publish","format-standard","has-post-thumbnail","hentry","category-non-categorizzato-es","tag-condomini-es","tag-evidenza-2-es"],"acf":[],"_links":{"self":[{"href":"https:\/\/wegreenitgroup.com\/es\/wp-json\/wp\/v2\/posts\/28807","targetHints":{"allow":["GET"]}}],"collection":[{"href":"https:\/\/wegreenitgroup.com\/es\/wp-json\/wp\/v2\/posts"}],"about":[{"href":"https:\/\/wegreenitgroup.com\/es\/wp-json\/wp\/v2\/types\/post"}],"author":[{"embeddable":true,"href":"https:\/\/wegreenitgroup.com\/es\/wp-json\/wp\/v2\/users\/2"}],"replies":[{"embeddable":true,"href":"https:\/\/wegreenitgroup.com\/es\/wp-json\/wp\/v2\/comments?post=28807"}],"version-history":[{"count":1,"href":"https:\/\/wegreenitgroup.com\/es\/wp-json\/wp\/v2\/posts\/28807\/revisions"}],"predecessor-version":[{"id":28808,"href":"https:\/\/wegreenitgroup.com\/es\/wp-json\/wp\/v2\/posts\/28807\/revisions\/28808"}],"wp:featuredmedia":[{"embeddable":true,"href":"https:\/\/wegreenitgroup.com\/es\/wp-json\/wp\/v2\/media\/27724"}],"wp:attachment":[{"href":"https:\/\/wegreenitgroup.com\/es\/wp-json\/wp\/v2\/media?parent=28807"}],"wp:term":[{"taxonomy":"category","embeddable":true,"href":"https:\/\/wegreenitgroup.com\/es\/wp-json\/wp\/v2\/categories?post=28807"},{"taxonomy":"post_tag","embeddable":true,"href":"https:\/\/wegreenitgroup.com\/es\/wp-json\/wp\/v2\/tags?post=28807"},{"taxonomy":"data-news","embeddable":true,"href":"https:\/\/wegreenitgroup.com\/es\/wp-json\/wp\/v2\/data-news?post=28807"}],"curies":[{"name":"wp","href":"https:\/\/api.w.org\/{rel}","templated":true}]}}