{"id":22332,"date":"2023-01-12T10:44:20","date_gmt":"2023-01-12T09:44:20","guid":{"rendered":"https:\/\/wegreenit.it\/?p=14691"},"modified":"2025-05-07T13:52:06","modified_gmt":"2025-05-07T12:52:06","slug":"nuevo-proyecto-fotovoltaico-para-galenica-senese-farmaceutica","status":"publish","type":"post","link":"https:\/\/wegreenitgroup.com\/es\/nuevo-proyecto-fotovoltaico-para-galenica-senese-farmaceutica\/","title":{"rendered":"Fotovoltaica: nuevo proyecto para Galenica Senese Pharmaceutical"},"content":{"rendered":"<p><strong>Galenica Senese Pharmaceutical confi\u00f3 en Wegreenit para la construcci\u00f3n de un sistema fotovoltaico de 600 kWp.<\/strong>La divisi\u00f3n Industrial de Wegreenit ha realizado la planificaci\u00f3n de prefactibilidad de la intervenci\u00f3n y seguir\u00e1, como <strong>contratista general<\/strong>, los procedimientos de autorizaci\u00f3n, los permisos, el suministro e instalaci\u00f3n de los materiales (paneles e inversores) y la puesta en marcha de la planta, garantizando as\u00ed una producci\u00f3n \u00f3ptima, <strong>sostenible y eficiente.<\/strong><\/p>\n<p>Situada en Monteroni d&#8217;Arbia (Siena), en el coraz\u00f3n de la Toscana, <a href=\"https:\/\/www.galenicasenese.it\/it\/\" target=\"_blank\" rel=\"noopener\">Galenica Senese Industria Farmac\u00e9utica<\/a> es una<strong> realidad productiva especializada<\/strong> en la fabricaci\u00f3n y comercializaci\u00f3n de productos m\u00e9dicos para <strong>infusi\u00f3n e inyecci\u00f3n<\/strong>.<\/p>\n<p>La instalaci\u00f3n del sistema fotovoltaico, que constar\u00e1 de 1157 paneles fotovoltaicos de 505 Wp y cubrir\u00e1 una superficie aproximada de <strong>3000m2<\/strong>, permitir\u00e1 a la empresa <strong>reducir significativamente los costes energ\u00e9ticos<\/strong> y, en consecuencia, el <strong>gasto en electricidad<\/strong>, con un ahorro estimado de 228.474 \u20ac al a\u00f1o y un autoconsumo medio mensual del<strong> 95%<\/strong>.<\/p>\n","protected":false},"excerpt":{"rendered":"<p>Galenica Senese Pharmaceutical confi\u00f3 en Wegreenit para la construcci\u00f3n de un sistema fotovoltaico de 600 kWp.La divisi\u00f3n Industrial de Wegreenit ha realizado la planificaci\u00f3n de prefactibilidad de la intervenci\u00f3n y seguir\u00e1, como contratista general, los procedimientos de autorizaci\u00f3n, los permisos, el suministro e instalaci\u00f3n de los materiales (paneles e inversores) y la puesta en marcha [&hellip;]<\/p>\n","protected":false},"author":1,"featured_media":24469,"comment_status":"closed","ping_status":"open","sticky":false,"template":"","format":"standard","meta":{"_acf_changed":false,"footnotes":""},"categories":[3],"tags":[100],"data-news":[184],"class_list":["post-22332","post","type-post","status-publish","format-standard","has-post-thumbnail","hentry","category-sin-categorizar","tag-pruebas-proyectos-ecobonus-eficiencia","data-news-enero-2023"],"acf":[],"_links":{"self":[{"href":"https:\/\/wegreenitgroup.com\/es\/wp-json\/wp\/v2\/posts\/22332","targetHints":{"allow":["GET"]}}],"collection":[{"href":"https:\/\/wegreenitgroup.com\/es\/wp-json\/wp\/v2\/posts"}],"about":[{"href":"https:\/\/wegreenitgroup.com\/es\/wp-json\/wp\/v2\/types\/post"}],"author":[{"embeddable":true,"href":"https:\/\/wegreenitgroup.com\/es\/wp-json\/wp\/v2\/users\/1"}],"replies":[{"embeddable":true,"href":"https:\/\/wegreenitgroup.com\/es\/wp-json\/wp\/v2\/comments?post=22332"}],"version-history":[{"count":1,"href":"https:\/\/wegreenitgroup.com\/es\/wp-json\/wp\/v2\/posts\/22332\/revisions"}],"predecessor-version":[{"id":23459,"href":"https:\/\/wegreenitgroup.com\/es\/wp-json\/wp\/v2\/posts\/22332\/revisions\/23459"}],"wp:featuredmedia":[{"embeddable":true,"href":"https:\/\/wegreenitgroup.com\/es\/wp-json\/wp\/v2\/media\/24469"}],"wp:attachment":[{"href":"https:\/\/wegreenitgroup.com\/es\/wp-json\/wp\/v2\/media?parent=22332"}],"wp:term":[{"taxonomy":"category","embeddable":true,"href":"https:\/\/wegreenitgroup.com\/es\/wp-json\/wp\/v2\/categories?post=22332"},{"taxonomy":"post_tag","embeddable":true,"href":"https:\/\/wegreenitgroup.com\/es\/wp-json\/wp\/v2\/tags?post=22332"},{"taxonomy":"data-news","embeddable":true,"href":"https:\/\/wegreenitgroup.com\/es\/wp-json\/wp\/v2\/data-news?post=22332"}],"curies":[{"name":"wp","href":"https:\/\/api.w.org\/{rel}","templated":true}]}}